{"id":1006,"date":"2021-12-02T18:32:04","date_gmt":"2021-12-02T18:32:04","guid":{"rendered":"https:\/\/saloncampos.es\/?p=1006"},"modified":"2021-12-02T18:32:04","modified_gmt":"2021-12-02T18:32:04","slug":"gaudeix-del-teu-sopar-dempresa-en-salon-campos","status":"publish","type":"post","link":"https:\/\/saloncampos.es\/es\/gaudeix-del-teu-sopar-dempresa-en-salon-campos\/","title":{"rendered":"Gaudeix del teu sopar d&#8217;empresa en Sal\u00f3n Campos"},"content":{"rendered":"\n<p>Amb l&#8217;arribada de desembre, comencen tamb\u00e9 els sopars i menjars d&#8217;empresa, ideals per a enfortir les relacions i amistats entre els companys de treball.&nbsp;<strong>En Sal\u00f3n Campos hem preparat un MEN\u00da D&#8217;EMPRESA espectacular<\/strong>, per\u00f2 abans, volem nomenar-vos els beneficis que t\u00e9 aquesta celebraci\u00f3:<\/p>\n\n\n\n<p><strong>&#8211; Augmenta l&#8217;autoestima:&nbsp;<\/strong>et fa sentir que formes part de l&#8217;equip, aix\u00ed com et permet ser reconegut ja no sols com a company de treball, sin\u00f3 com a persona.<\/p>\n\n\n\n<figure class=\"wp-block-image size-large is-resized\"><img fetchpriority=\"high\" decoding=\"async\" src=\"https:\/\/saloncampos.es\/wp-content\/uploads\/2021\/12\/salo2-1024x769.jpg\" alt=\"\" class=\"wp-image-1002\" width=\"1171\" height=\"700\"\/><\/figure>\n\n\n\n<p><strong>&#8211; Alleuja l&#8217;estr\u00e9s:&nbsp;<\/strong>\u00e9s el moment ideal per a compartir moments l\u00fadics i relaxats amb les mateixes persones amb les quals habitualment comparteixes situacions d&#8217;estr\u00e9s. En aquesta mena de celebracions, l&#8217;humor \u00e9s el millor ant\u00eddot de l&#8217;estr\u00e9s.<\/p>\n\n\n\n<p><strong>&#8211; Millora la comunicaci\u00f3:<\/strong>&nbsp;els temes de conversa solen ser m\u00e9s amens i s&#8217;afavoreix la participaci\u00f3. D&#8217;aquesta manera, \u00e9s m\u00e9s f\u00e0cil acostar-se a la resta de companys.<\/p>\n\n\n\n<p><strong>&#8211; Crea vincles:<\/strong>&nbsp;un poc relacionat amb l&#8217;anterior punt. Et permet relacionar-te amb la resta d&#8217;una forma diferent, no fa falta parlar de treball, \u00e9s important con\u00e9ixer a la persona que hi ha darrere i d&#8217;aquesta manera, s&#8217;enfortir\u00e0 la relaci\u00f3. Tindre amics en el treball fa que siguem m\u00e9s creatius i que el nostre treball siga m\u00e9s productiu.<\/p>\n\n\n\n<p><strong>&#8211; Motivaci\u00f3:<\/strong>&nbsp;si et sents b\u00e9 amb les persones amb les quals treballes, anir\u00e0s m\u00e9s animat a fer la teua tasca.<\/p>\n\n\n\n<p>Riu, gaudeix, comparteix, diverteix-te i relaxa&#8217;t en els&nbsp;<strong>SOPARS D&#8217;EMPRESA SAL\u00d3 CAMPOS. Consulta&#8217;ns per a m\u00e9s informaci\u00f3.<\/strong><\/p>\n","protected":false},"excerpt":{"rendered":"<p>Amb l&#8217;arribada de desembre, comencen tamb\u00e9 els sopars i menjars d&#8217;empresa, ideals per a enfortir les relacions i amistats entre els companys de treball.&nbsp;En Sal\u00f3n Campos hem preparat un MEN\u00da D&#8217;EMPRESA espectacular, per\u00f2 abans, volem nomenar-vos els beneficis que t\u00e9 aquesta celebraci\u00f3: &#8211; Augmenta l&#8217;autoestima:&nbsp;et fa sentir que formes part de l&#8217;equip, aix\u00ed com et [&hellip;]<\/p>\n","protected":false},"author":1,"featured_media":1003,"comment_status":"open","ping_status":"closed","sticky":false,"template":"","format":"standard","meta":{"footnotes":""},"categories":[9],"tags":[],"class_list":["post-1006","post","type-post","status-publish","format-standard","has-post-thumbnail","hentry","category-entrades"],"_links":{"self":[{"href":"https:\/\/saloncampos.es\/es\/wp-json\/wp\/v2\/posts\/1006","targetHints":{"allow":["GET"]}}],"collection":[{"href":"https:\/\/saloncampos.es\/es\/wp-json\/wp\/v2\/posts"}],"about":[{"href":"https:\/\/saloncampos.es\/es\/wp-json\/wp\/v2\/types\/post"}],"author":[{"embeddable":true,"href":"https:\/\/saloncampos.es\/es\/wp-json\/wp\/v2\/users\/1"}],"replies":[{"embeddable":true,"href":"https:\/\/saloncampos.es\/es\/wp-json\/wp\/v2\/comments?post=1006"}],"version-history":[{"count":0,"href":"https:\/\/saloncampos.es\/es\/wp-json\/wp\/v2\/posts\/1006\/revisions"}],"wp:featuredmedia":[{"embeddable":true,"href":"https:\/\/saloncampos.es\/es\/wp-json\/wp\/v2\/media\/1003"}],"wp:attachment":[{"href":"https:\/\/saloncampos.es\/es\/wp-json\/wp\/v2\/media?parent=1006"}],"wp:term":[{"taxonomy":"category","embeddable":true,"href":"https:\/\/saloncampos.es\/es\/wp-json\/wp\/v2\/categories?post=1006"},{"taxonomy":"post_tag","embeddable":true,"href":"https:\/\/saloncampos.es\/es\/wp-json\/wp\/v2\/tags?post=1006"}],"curies":[{"name":"wp","href":"https:\/\/api.w.org\/{rel}","templated":true}]}}