{"id":1032,"date":"2022-11-21T10:32:02","date_gmt":"2022-11-21T10:32:02","guid":{"rendered":"https:\/\/saloncampos.es\/?p=1032"},"modified":"2022-11-21T10:32:02","modified_gmt":"2022-11-21T10:32:02","slug":"salo-campos-en-la-televisio-da-punt","status":"publish","type":"post","link":"https:\/\/saloncampos.es\/es\/salo-campos-en-la-televisio-da-punt\/","title":{"rendered":"Sal\u00f3 Campos en la televisi\u00f3 d&#8217;\u00c0 Punt"},"content":{"rendered":"\n<p>El passat dilluns 14 de novembre, la reportera Berta B\u00e1idez del programa Bona Vesprada d&#8217;\u00c0 Punt estigu\u00e9 visitant Montserrat, i en aquesta visita, es pass\u00e0 per les nostres instal\u00b7lacions per con\u00e9ixer els m\u00e9s de 50 anys d&#8217;hist\u00f2ria del sal\u00f3 en el m\u00f3n de les bodes.<\/p>\n\n\n\n<p>Les germanes Inma i Azucena Campos, actuals propiet\u00e0ries de Sal\u00f3 Campos, estigueren explicant les difer\u00e8ncies des dels inicis del sal\u00f3 fins ara respecte a les celebracions de bodes. Per a aix\u00f2, comptaren amb uns convidats molt especials: una parella que es cas\u00e0 fa 54 anys en el Sal\u00f3 Campos i narraren la seua experi\u00e8ncia, recordant un dels dies m\u00e9s bonics de les seues vides. Entre les difer\u00e8ncies compararen els men\u00fas d&#8217;abans i els d&#8217;ara: men\u00fas molt m\u00e9s senzills que tot el que es mostra hui en dia, on cada detall es t\u00e9 en compte. Recordaren aix\u00ed el m\u00edtic postre de &#8216;pijama&#8217;, que consistia en una bola de gelat, fruita en alm\u00edvar, flam i nata muntada, molt fam\u00f3s en totes les bodes d&#8217;aquell moment.<\/p>\n\n\n\n<p>Sal\u00f3 Campos va obrir en 1967 en una planta baixa del carrer Metge Peir\u00f3 n\u00fam. 22 de Montserrat, quan Pepe Campos amb tan sols 25 anys, junt amb la seua germana Rosita i el seu home Paco, els pares i algunes ties, comen\u00e7aren llogant la planta per a celebrar les primeres bodes amb tot el necessari.<\/p>\n\n\n\n<p>A poc a poc, anaren augmentant el negoci fins que en 1969, Pepe es va casar amb Nati, els pares d&#8217;Azucena i Inma, i agafaren per complet el negoci familiar de celebraci\u00f3 de bodes. El seu \u00e8xit va c\u00f3rrer la veu per la resta de poblacions ve\u00efnes i la gent comen\u00e7\u00e0 a demanar cita per a celebrar la seua boda en Sal\u00f3 Campos. A m\u00e9s, foren pioners a la zona del que coneguem actualment com a catering.<\/p>\n\n\n\n<p>Ja en 1978 feren un sal\u00f3 m\u00e9s gran en un terreny que compraren al mateix carrer, on se situa en l&#8217;actualitat Sal\u00f3 Campos.<\/p>\n\n\n\n<p>Tant Inma com Azucena, des de ben xicotetes ajudaven en el que podien en el sal\u00f3, i a mitjan anys 90 fou quan es feren c\u00e0rrec del negoci per complet.<\/p>\n\n\n\n<p>Sal\u00f3 Campos ha passat per diverses reformes sempre actualitzant-se al que es duu en el moment, oferint un aspecte modern i elegant amb un servei adaptat per a totes les celebracions. Una d&#8217;aquestes reformes \u00e9s el Jard\u00ed de Celebracions amb una preciosa p\u00e8rgola on es realitzen cerim\u00f2nies civils i c\u00f2ctels de benvinguda. \u00abNosaltres seguim lluitant per continuar la feina que en el seu moment els nostres pares iniciaren en el Sal\u00f3\u00bb comenten les germanes.<\/p>\n\n\n\n<p>Sal\u00f3 Campos, per a totes les celebracions.<\/p>\n\n\n\n<p>Pots veure el v\u00eddeo fent clic ac\u00ed:<\/p>\n\n\n\n<figure class=\"wp-block-video\"><video controls src=\"https:\/\/www.apuntmedia.es\/programes\/bona-vesprada\/pobles\/14-11-2022-celebracions-montserrat_134_1561715.html\"><\/video><\/figure>\n","protected":false},"excerpt":{"rendered":"<p>El passat dilluns 14 de novembre, la reportera Berta B\u00e1idez del programa Bona Vesprada d&#8217;\u00c0 Punt estigu\u00e9 visitant Montserrat, i en aquesta visita, es pass\u00e0 per les nostres instal\u00b7lacions per con\u00e9ixer els m\u00e9s de 50 anys d&#8217;hist\u00f2ria del sal\u00f3 en el m\u00f3n de les bodes. Les germanes Inma i Azucena Campos, actuals propiet\u00e0ries de Sal\u00f3 [&hellip;]<\/p>\n","protected":false},"author":1,"featured_media":1033,"comment_status":"open","ping_status":"closed","sticky":false,"template":"","format":"standard","meta":{"footnotes":""},"categories":[9],"tags":[],"class_list":["post-1032","post","type-post","status-publish","format-standard","has-post-thumbnail","hentry","category-entrades"],"_links":{"self":[{"href":"https:\/\/saloncampos.es\/es\/wp-json\/wp\/v2\/posts\/1032","targetHints":{"allow":["GET"]}}],"collection":[{"href":"https:\/\/saloncampos.es\/es\/wp-json\/wp\/v2\/posts"}],"about":[{"href":"https:\/\/saloncampos.es\/es\/wp-json\/wp\/v2\/types\/post"}],"author":[{"embeddable":true,"href":"https:\/\/saloncampos.es\/es\/wp-json\/wp\/v2\/users\/1"}],"replies":[{"embeddable":true,"href":"https:\/\/saloncampos.es\/es\/wp-json\/wp\/v2\/comments?post=1032"}],"version-history":[{"count":0,"href":"https:\/\/saloncampos.es\/es\/wp-json\/wp\/v2\/posts\/1032\/revisions"}],"wp:featuredmedia":[{"embeddable":true,"href":"https:\/\/saloncampos.es\/es\/wp-json\/wp\/v2\/media\/1033"}],"wp:attachment":[{"href":"https:\/\/saloncampos.es\/es\/wp-json\/wp\/v2\/media?parent=1032"}],"wp:term":[{"taxonomy":"category","embeddable":true,"href":"https:\/\/saloncampos.es\/es\/wp-json\/wp\/v2\/categories?post=1032"},{"taxonomy":"post_tag","embeddable":true,"href":"https:\/\/saloncampos.es\/es\/wp-json\/wp\/v2\/tags?post=1032"}],"curies":[{"name":"wp","href":"https:\/\/api.w.org\/{rel}","templated":true}]}}