{"id":1041,"date":"2022-11-21T10:47:19","date_gmt":"2022-11-21T10:47:19","guid":{"rendered":"https:\/\/saloncampos.es\/?p=1041"},"modified":"2022-11-21T10:47:19","modified_gmt":"2022-11-21T10:47:19","slug":"salon-campos-en-la-television-de-a-punt","status":"publish","type":"post","link":"https:\/\/saloncampos.es\/es\/salon-campos-en-la-television-de-a-punt\/","title":{"rendered":"Sal\u00f3n Campos en la televisi\u00f3n de \u00c0 Punt"},"content":{"rendered":"\n<p>El pasado lunes 14 de noviembre, la reportera Berta B\u00e1idez del programa &#8216;Bona vesprada&#8217; de \u00c0 Punt estuvo visitando Montserrat, y en esta visita, se pas\u00f3 por nuestras instalaciones para conocer los m\u00e1s de 50 a\u00f1os de historia del sal\u00f3n en el mundo de las bodas.<\/p>\n\n\n\n<p>Las hermanas Inma y Azucena Campos, actuales propietarias de Sal\u00f3n Campos, estuvieron explicando las diferencias desde los inicios del sal\u00f3n hasta ahora respecto a las celebraciones de bodas. Para lo cual, contaron con unos invitados muy especiales: una pareja que se cas\u00f3 hace 54 a\u00f1os en el Sal\u00f3n Campos y narraron su experiencia, recordando uno de los d\u00edas m\u00e1s bonitos de sus vidas. Entre las diferencias compararon los men\u00fas de antes y los de ahora: men\u00fas mucho m\u00e1s sencillos que los de hoy en d\u00eda, donde cada detalle se tiene en cuenta. Recordaron as\u00ed el m\u00edtico postre de &#8216;pijama&#8217;, que consist\u00eda en una bola de helado, fruta en alm\u00edbar, flan y nata montada, muy famoso en todas las bodas de aquel momento.<\/p>\n\n\n\n<p>Sal\u00f3n Campos abri\u00f3 en 1967 en una planta baja de la calle Metge Peir\u00f3 n.\u00ba 22 de Montserrat, cuando Pepe Campos con tan solo 25 a\u00f1os, junto con su hermana Rosita y su marido Paco, los padres y algunas t\u00edas, empezaron alquilando la planta para celebrar las primeras bodas con todo lo necesario.<\/p>\n\n\n\n<p>Poco a poco, fueron aumentando el negocio hasta que en 1969, Pepe se cas\u00f3 con Nati, los padres de Azucena e Inma, y cogieron por completo el negocio familiar de celebraci\u00f3n de bodas. Su \u00e9xito corri\u00f3 la voz por el resto de poblaciones vecinas y la gente empez\u00f3 a pedir cita para celebrar su boda en Sal\u00f3n Campos. Adem\u00e1s, fueron pioneros en la zona de lo que conocemos actualmente como catering.<\/p>\n\n\n\n<p>Ya en 1978 hicieron un sal\u00f3n m\u00e1s grande en un terreno que compraron en la misma calle, donde se sit\u00faa en la actualidad Sal\u00f3n Campos.<\/p>\n\n\n\n<p>Tanto Inma como Azucena, desde muy peque\u00f1as ayudaban en todo lo que pod\u00edan en el sal\u00f3n, y a mediados de los a\u00f1os 90 fue cuando se hicieron cargo del negocio por completo.<\/p>\n\n\n\n<p>Sal\u00f3n Campos ha pasado por varias reformas siempre actualiz\u00e1ndose a lo que se lleva en el momento, ofreciendo un aspecto moderno y elegante con un servicio adaptado para todas las celebraciones. Una de estas reformas es el Jard\u00edn de Celebraciones con una preciosa p\u00e9rgola donde se realizan ceremonias civiles y c\u00f3cteles de bienvenida. \u00abNosotras seguimos luchando por continuar el trabajo que en su momento nuestros padres iniciaron en el Sal\u00f3n\u00bb comentan las hermanas.<\/p>\n\n\n\n<p>Sal\u00f3n Campos, para todas las celebraciones.<\/p>\n\n\n\n<p>Puedes ver el v\u00eddeo haciendo clic en la imagen:<\/p>\n\n\n\n<figure class=\"wp-block-video\"><video controls src=\"https:\/\/www.apuntmedia.es\/programes\/bona-vesprada\/pobles\/14-11-2022-celebracions-montserrat_134_1561715.html\"><\/video><\/figure>\n","protected":false},"excerpt":{"rendered":"<p>El pasado lunes 14 de noviembre, la reportera Berta B\u00e1idez del programa &#8216;Bona vesprada&#8217; de \u00c0 Punt estuvo visitando Montserrat, y en esta visita, se pas\u00f3 por nuestras instalaciones para conocer los m\u00e1s de 50 a\u00f1os de historia del sal\u00f3n en el mundo de las bodas. Las hermanas Inma y Azucena Campos, actuales propietarias de [&hellip;]<\/p>\n","protected":false},"author":1,"featured_media":1033,"comment_status":"open","ping_status":"closed","sticky":false,"template":"","format":"standard","meta":{"footnotes":""},"categories":[5],"tags":[],"class_list":["post-1041","post","type-post","status-publish","format-standard","has-post-thumbnail","hentry","category-entradas"],"_links":{"self":[{"href":"https:\/\/saloncampos.es\/es\/wp-json\/wp\/v2\/posts\/1041","targetHints":{"allow":["GET"]}}],"collection":[{"href":"https:\/\/saloncampos.es\/es\/wp-json\/wp\/v2\/posts"}],"about":[{"href":"https:\/\/saloncampos.es\/es\/wp-json\/wp\/v2\/types\/post"}],"author":[{"embeddable":true,"href":"https:\/\/saloncampos.es\/es\/wp-json\/wp\/v2\/users\/1"}],"replies":[{"embeddable":true,"href":"https:\/\/saloncampos.es\/es\/wp-json\/wp\/v2\/comments?post=1041"}],"version-history":[{"count":0,"href":"https:\/\/saloncampos.es\/es\/wp-json\/wp\/v2\/posts\/1041\/revisions"}],"wp:featuredmedia":[{"embeddable":true,"href":"https:\/\/saloncampos.es\/es\/wp-json\/wp\/v2\/media\/1033"}],"wp:attachment":[{"href":"https:\/\/saloncampos.es\/es\/wp-json\/wp\/v2\/media?parent=1041"}],"wp:term":[{"taxonomy":"category","embeddable":true,"href":"https:\/\/saloncampos.es\/es\/wp-json\/wp\/v2\/categories?post=1041"},{"taxonomy":"post_tag","embeddable":true,"href":"https:\/\/saloncampos.es\/es\/wp-json\/wp\/v2\/tags?post=1041"}],"curies":[{"name":"wp","href":"https:\/\/api.w.org\/{rel}","templated":true}]}}