{"id":912,"date":"2021-05-20T10:06:24","date_gmt":"2021-05-20T10:06:24","guid":{"rendered":"https:\/\/saloncampos.es\/?p=912"},"modified":"2021-05-20T10:06:24","modified_gmt":"2021-05-20T10:06:24","slug":"mayo-mes-de-las-comuniones","status":"publish","type":"post","link":"https:\/\/saloncampos.es\/es\/mayo-mes-de-las-comuniones\/","title":{"rendered":"Mayo, mes de las comuniones"},"content":{"rendered":"\n<p>Con el mes de mayo, ha llegado la temporada de celebraciones, sobre todo de aquellas de car\u00e1cter religioso, como las comuniones.<\/p>\n\n\n\n<p>La Primera Comuni\u00f3n es una fiesta religiosa donde los ni\u00f1os y ni\u00f1as, de entre 9 y 10 a\u00f1os, se preparan para recibir el sacramento de la Eucarist\u00eda. Una fiesta en familia que se recuerda con aprecio en los a\u00f1os siguientes.<\/p>\n\n\n\n<p>Los detalles son muy importantes en las comuniones, sobre todo si se trata de adornos personalizados, los cuales te ayudar\u00e1n a crear una atm\u00f3sfera especial con unos elementos protagonistas que har\u00e1n de la Comuni\u00f3n de tu hijo\/hija un d\u00eda muy especial.<\/p>\n\n\n\n<p>Por otra parte, la gastronom\u00eda en las comuniones tienen tambi\u00e9n un papel fundamental, as\u00ed como la ya conocida tabla de golosinas para los m\u00e1s peque\u00f1os. Te aconsejamos un men\u00fa cuidado pero muy sencillo, para todas las edades y gustos, as\u00ed como tener un men\u00fa especial para ni\u00f1os y ni\u00f1as.<\/p>\n\n\n\n<p>Sal\u00f3n Campos, con m\u00e1s de 50 a\u00f1os de experiencia, ofrece TODO LO NECESARIO para que la celebraci\u00f3n de la Primera Comuni\u00f3n de tu hijo o hija sea perfecta.<\/p>\n\n\n\n<p>Disponemos de men\u00fas variados, animaci\u00f3n infantil, un magn\u00edfico jard\u00edn exterior, mesas dulces\u2026 Todos los ingredientes que har\u00e1n de esta celebraci\u00f3n un d\u00eda inolvidable.<\/p>\n\n\n\n<p>\u00a1No lo dudes, conf\u00eda en nosotros para este d\u00eda tan especial!<\/p>\n","protected":false},"excerpt":{"rendered":"<p>Con el mes de mayo, ha llegado la temporada de celebraciones, sobre todo de aquellas de car\u00e1cter religioso, como las comuniones.<\/p>\n","protected":false},"author":1,"featured_media":910,"comment_status":"closed","ping_status":"closed","sticky":false,"template":"","format":"standard","meta":{"footnotes":""},"categories":[5],"tags":[],"class_list":["post-912","post","type-post","status-publish","format-standard","has-post-thumbnail","hentry","category-entradas"],"_links":{"self":[{"href":"https:\/\/saloncampos.es\/es\/wp-json\/wp\/v2\/posts\/912","targetHints":{"allow":["GET"]}}],"collection":[{"href":"https:\/\/saloncampos.es\/es\/wp-json\/wp\/v2\/posts"}],"about":[{"href":"https:\/\/saloncampos.es\/es\/wp-json\/wp\/v2\/types\/post"}],"author":[{"embeddable":true,"href":"https:\/\/saloncampos.es\/es\/wp-json\/wp\/v2\/users\/1"}],"replies":[{"embeddable":true,"href":"https:\/\/saloncampos.es\/es\/wp-json\/wp\/v2\/comments?post=912"}],"version-history":[{"count":0,"href":"https:\/\/saloncampos.es\/es\/wp-json\/wp\/v2\/posts\/912\/revisions"}],"wp:featuredmedia":[{"embeddable":true,"href":"https:\/\/saloncampos.es\/es\/wp-json\/wp\/v2\/media\/910"}],"wp:attachment":[{"href":"https:\/\/saloncampos.es\/es\/wp-json\/wp\/v2\/media?parent=912"}],"wp:term":[{"taxonomy":"category","embeddable":true,"href":"https:\/\/saloncampos.es\/es\/wp-json\/wp\/v2\/categories?post=912"},{"taxonomy":"post_tag","embeddable":true,"href":"https:\/\/saloncampos.es\/es\/wp-json\/wp\/v2\/tags?post=912"}],"curies":[{"name":"wp","href":"https:\/\/api.w.org\/{rel}","templated":true}]}}