{"id":918,"date":"2021-05-20T10:39:20","date_gmt":"2021-05-20T10:39:20","guid":{"rendered":"https:\/\/saloncampos.es\/?p=918"},"modified":"2021-05-20T10:39:20","modified_gmt":"2021-05-20T10:39:20","slug":"maig-mes-de-las-comuniones","status":"publish","type":"post","link":"https:\/\/saloncampos.es\/es\/maig-mes-de-las-comuniones\/","title":{"rendered":"Maig, mes de les comunions"},"content":{"rendered":"\n<p>Amb el mes de maig, ha arribat la temporada de celebracions, sobretot d&#8217;aquelles de car\u00e0cter religi\u00f3s, com les comunions.<\/p>\n\n\n\n<p>La Primera Comuni\u00f3 \u00e9s una festa religiosa on els xiquets i xiquetes, d&#8217;entre 9 i 10 anys, es preparen per a rebre el sacrament de l&#8217;Eucaristia. Una festa en fam\u00edlia que es recorda amb estima en els anys seg\u00fcents.<\/p>\n\n\n\n<p>Els detalls s\u00f3n molt importants en les comunions, sobretot si es tracta d&#8217;adorns personalitzats, els quals t&#8217;ajudaran a crear una atmosfera especial amb uns elements protagonistes que faran de la Comuni\u00f3 del teu filla\/filla un dia molt especial.<\/p>\n\n\n\n<p>Per altra part, la gastronomia en les comunions tenen tamb\u00e9 un paper fonamental, aix\u00ed com la ja coneguda taula de llepolies per als m\u00e9s xicotets. T&#8217;aconsellem un men\u00fa cuidat per\u00f2 molt senzill, per a totes les edats i gustos, aix\u00ed com tindre un men\u00fa especial per a xiquets i xiquetes.<\/p>\n\n\n\n<p>A Sal\u00f3n Campos, amb m\u00e9s de 50 anys d&#8217;experi\u00e8ncia, vos oferim TOT EL NECESSARI perqu\u00e8 la celebraci\u00f3 de la Primera Comuni\u00f3 del teu fill o filla siga perfecta.<\/p>\n\n\n\n<p>Disposem de men\u00fas variats, animaci\u00f3 infantil, un magn\u00edfic jard\u00ed exterior, taules dolces\u2026 Tots els ingredients que faran d&#8217;aquesta celebraci\u00f3 un dia inoblidable.<\/p>\n\n\n\n<p>No ho dubtes, confia en nosaltres per a aquest dia tan especial!<\/p>\n","protected":false},"excerpt":{"rendered":"<p>Amb el mes de maig, ha arribat la temporada de celebracions, sobretot d&#8217;aquelles de car\u00e0cter religi\u00f3s, com les comunions.<\/p>\n","protected":false},"author":1,"featured_media":910,"comment_status":"closed","ping_status":"closed","sticky":false,"template":"","format":"standard","meta":{"footnotes":""},"categories":[9],"tags":[],"class_list":["post-918","post","type-post","status-publish","format-standard","has-post-thumbnail","hentry","category-entrades"],"_links":{"self":[{"href":"https:\/\/saloncampos.es\/es\/wp-json\/wp\/v2\/posts\/918","targetHints":{"allow":["GET"]}}],"collection":[{"href":"https:\/\/saloncampos.es\/es\/wp-json\/wp\/v2\/posts"}],"about":[{"href":"https:\/\/saloncampos.es\/es\/wp-json\/wp\/v2\/types\/post"}],"author":[{"embeddable":true,"href":"https:\/\/saloncampos.es\/es\/wp-json\/wp\/v2\/users\/1"}],"replies":[{"embeddable":true,"href":"https:\/\/saloncampos.es\/es\/wp-json\/wp\/v2\/comments?post=918"}],"version-history":[{"count":0,"href":"https:\/\/saloncampos.es\/es\/wp-json\/wp\/v2\/posts\/918\/revisions"}],"wp:featuredmedia":[{"embeddable":true,"href":"https:\/\/saloncampos.es\/es\/wp-json\/wp\/v2\/media\/910"}],"wp:attachment":[{"href":"https:\/\/saloncampos.es\/es\/wp-json\/wp\/v2\/media?parent=918"}],"wp:term":[{"taxonomy":"category","embeddable":true,"href":"https:\/\/saloncampos.es\/es\/wp-json\/wp\/v2\/categories?post=918"},{"taxonomy":"post_tag","embeddable":true,"href":"https:\/\/saloncampos.es\/es\/wp-json\/wp\/v2\/tags?post=918"}],"curies":[{"name":"wp","href":"https:\/\/api.w.org\/{rel}","templated":true}]}}