{"id":921,"date":"2021-06-04T10:00:00","date_gmt":"2021-06-04T10:00:00","guid":{"rendered":"https:\/\/saloncampos.es\/?p=921"},"modified":"2021-06-04T10:00:00","modified_gmt":"2021-06-04T10:00:00","slug":"jazz-al-ras","status":"publish","type":"post","link":"https:\/\/saloncampos.es\/es\/jazz-al-ras\/","title":{"rendered":"5a Edici\u00f3 de \u00abJazz al Ras\u00bb"},"content":{"rendered":"<p>Un sopar delici\u00f3s, bon temps, un ambient florejat, m\u00fasica en directe&#8230; Qu\u00e8 m\u00e9s pots demanar?<\/p>\n<p>El jard\u00ed del Sal\u00f3n Campos es prepara i es \u00abposa bonic\u00bb aflorant les strelitzies per a rebre la Cinquena Edici\u00f3 de \u00abJazz al Ras\u00bb.<\/p>\n<p>Oferim vetlades rom\u00e0ntiques a l&#8217;aire lliure amb un men\u00fa degustaci\u00f3 i m\u00fasica jazz en directe per a amenitzar la jornada.<\/p>\n<p>Definir el jazz \u00e9s complex, no pot ser delimitat amb facilitat, ja que encara que s&#8217;use per a fer refer\u00e8ncia a un idioma musical, el jazz est\u00e0 format per una fam\u00edlia de g\u00e8neres musicals que comparteixen caracter\u00edstiques comunes.<\/p>\n<p>D&#8217;aquesta manera, en \u00abJazz al Ras\u00bb podr\u00e0s delectar diversos concerts en directe que tot amant de la bona m\u00fasica disfrutar\u00e0.<\/p>\n<p>Uns concerts que des que ho comencem a realitzar han congregat una gran quantitat de clients. Moltes gr\u00e0cies a tots, enguany tornem amb m\u00e9s ganes!<\/p>\n<p>Recorda consultar el nostre Facebook i Instagram del Sal\u00f3 Campos per a con\u00e9ixer els dies d&#8217;obertura.<\/p>\n<p>Obrim nom\u00e9s amb reserves! No dubtes a visitar-nos.<\/p>\n","protected":false},"excerpt":{"rendered":"<p>Temps per a gaudir d&#8217;un bon sopar acompanyat de la millor m\u00fasica.<\/p>\n","protected":false},"author":1,"featured_media":0,"comment_status":"closed","ping_status":"closed","sticky":false,"template":"","format":"standard","meta":{"footnotes":""},"categories":[9],"tags":[],"class_list":["post-921","post","type-post","status-publish","format-standard","hentry","category-entrades"],"_links":{"self":[{"href":"https:\/\/saloncampos.es\/es\/wp-json\/wp\/v2\/posts\/921","targetHints":{"allow":["GET"]}}],"collection":[{"href":"https:\/\/saloncampos.es\/es\/wp-json\/wp\/v2\/posts"}],"about":[{"href":"https:\/\/saloncampos.es\/es\/wp-json\/wp\/v2\/types\/post"}],"author":[{"embeddable":true,"href":"https:\/\/saloncampos.es\/es\/wp-json\/wp\/v2\/users\/1"}],"replies":[{"embeddable":true,"href":"https:\/\/saloncampos.es\/es\/wp-json\/wp\/v2\/comments?post=921"}],"version-history":[{"count":0,"href":"https:\/\/saloncampos.es\/es\/wp-json\/wp\/v2\/posts\/921\/revisions"}],"wp:attachment":[{"href":"https:\/\/saloncampos.es\/es\/wp-json\/wp\/v2\/media?parent=921"}],"wp:term":[{"taxonomy":"category","embeddable":true,"href":"https:\/\/saloncampos.es\/es\/wp-json\/wp\/v2\/categories?post=921"},{"taxonomy":"post_tag","embeddable":true,"href":"https:\/\/saloncampos.es\/es\/wp-json\/wp\/v2\/tags?post=921"}],"curies":[{"name":"wp","href":"https:\/\/api.w.org\/{rel}","templated":true}]}}