{"id":963,"date":"2021-09-08T11:07:09","date_gmt":"2021-09-08T11:07:09","guid":{"rendered":"https:\/\/saloncampos.es\/?p=963"},"modified":"2021-09-08T11:07:09","modified_gmt":"2021-09-08T11:07:09","slug":"les-flors-mes-usades-en-les-bodes","status":"publish","type":"post","link":"https:\/\/saloncampos.es\/es\/les-flors-mes-usades-en-les-bodes\/","title":{"rendered":"Les flors m\u00e9s usades en les bodes"},"content":{"rendered":"\n<p>Un dels elements indispensables en la decoraci\u00f3 de tota cerim\u00f2nia nupcial, s\u00f3n les flors. Per aix\u00f2, des de Sal\u00f3n Campos us enumerarem aquelles esp\u00e8cies que m\u00e9s ens agraden i que quedaran estupendament en les teues noces.<\/p>\n\n\n\n<ul class=\"wp-block-list\"><li>Roses: un cl\u00e0ssic. I \u00e9s que es pot adaptar a qualsevol estil depenent la seua combinaci\u00f3, ideal per a bodes m\u00e9s cl\u00e0ssiques, m\u00e9s tradicionals (anotaci\u00f3, les roses mini s\u00f3n una preciositat i destaquen molt per la seua originalitat).<\/li><li>Hort\u00e8nsies: es pot usar tant fresca com seca, i existeix una gran varietat de colors diferents per a triar. Si tries l&#8217;hort\u00e8nsia, una a una, queda precios\u00edssima en una diadema o corona.<\/li><li>Paniculata: barata i bonica, \u00e9s una de les opcions m\u00e9s usades en les cerim\u00f2nies dels \u00faltims anys.<\/li><li>Pe\u00f2nia: si s&#8217;usa fora de la seua \u00e8poca sol ser bastant delicada, \u00e9s millor utilitzar-la durant els mesos de maig, juny i juliol, a m\u00e9s, \u00e9s molt bonica.<\/li><li>Tulipes: molt molt elegant, i queden genial en rams i arranjaments florals, gr\u00e0cies a les seues nombroses combinacions amb les seues formes i colors.<\/li><li>Ranuncle: tenen un color molt viu i tiges molt llargues, la qual cosa faciliten el seu maneig.<\/li><li>Margarides: molt tradicional i perfecta per a qui busque una decoraci\u00f3 silvestre.<\/li><li>Freesias: normalment va acompanyada amb capolls de color verd, i poden anar soles o en grup.<\/li><li>Lisianthus: delicades, elegants\u2026 S\u00f3n ideals per a acompanyar a altres flors i estan disponibles en un munt de colors molt intensos.<\/li><li>Gerberes: similars a les margarides per\u00f2 de grand\u00e0ria m\u00e9s gran, amb molts p\u00e8tals i colors molt cridaners. Donen un toc alegre a les decoracions florals.<\/li><\/ul>\n","protected":false},"excerpt":{"rendered":"<p>Un dels elements indispensables en la decoraci\u00f3 de tota cerim\u00f2nia nupcial, s\u00f3n les flors. Per aix\u00f2, des de Sal\u00f3n Campos us enumerarem aquelles esp\u00e8cies que m\u00e9s ens agraden i que quedaran estupendament en les teues noces. Roses: un cl\u00e0ssic. I \u00e9s que es pot adaptar a qualsevol estil depenent la seua combinaci\u00f3, ideal per a [&hellip;]<\/p>\n","protected":false},"author":1,"featured_media":964,"comment_status":"open","ping_status":"closed","sticky":false,"template":"","format":"standard","meta":{"footnotes":""},"categories":[9],"tags":[],"class_list":["post-963","post","type-post","status-publish","format-standard","has-post-thumbnail","hentry","category-entrades"],"_links":{"self":[{"href":"https:\/\/saloncampos.es\/es\/wp-json\/wp\/v2\/posts\/963","targetHints":{"allow":["GET"]}}],"collection":[{"href":"https:\/\/saloncampos.es\/es\/wp-json\/wp\/v2\/posts"}],"about":[{"href":"https:\/\/saloncampos.es\/es\/wp-json\/wp\/v2\/types\/post"}],"author":[{"embeddable":true,"href":"https:\/\/saloncampos.es\/es\/wp-json\/wp\/v2\/users\/1"}],"replies":[{"embeddable":true,"href":"https:\/\/saloncampos.es\/es\/wp-json\/wp\/v2\/comments?post=963"}],"version-history":[{"count":0,"href":"https:\/\/saloncampos.es\/es\/wp-json\/wp\/v2\/posts\/963\/revisions"}],"wp:featuredmedia":[{"embeddable":true,"href":"https:\/\/saloncampos.es\/es\/wp-json\/wp\/v2\/media\/964"}],"wp:attachment":[{"href":"https:\/\/saloncampos.es\/es\/wp-json\/wp\/v2\/media?parent=963"}],"wp:term":[{"taxonomy":"category","embeddable":true,"href":"https:\/\/saloncampos.es\/es\/wp-json\/wp\/v2\/categories?post=963"},{"taxonomy":"post_tag","embeddable":true,"href":"https:\/\/saloncampos.es\/es\/wp-json\/wp\/v2\/tags?post=963"}],"curies":[{"name":"wp","href":"https:\/\/api.w.org\/{rel}","templated":true}]}}