{"id":988,"date":"2021-11-15T12:31:08","date_gmt":"2021-11-15T12:31:08","guid":{"rendered":"https:\/\/saloncampos.es\/?p=988"},"modified":"2021-11-15T12:31:08","modified_gmt":"2021-11-15T12:31:08","slug":"salon-campos-rep-el-1r-premi-a-lus-del-valencia-en-el-comerc-de-montserrat-2021","status":"publish","type":"post","link":"https:\/\/saloncampos.es\/es\/salon-campos-rep-el-1r-premi-a-lus-del-valencia-en-el-comerc-de-montserrat-2021\/","title":{"rendered":"Sal\u00f3n Campos rep el 1r premi a l&#8217;\u00das del Valenci\u00e0 en el comer\u00e7 de Montserrat 2021"},"content":{"rendered":"\n<p>A trav\u00e9s de l&#8217;Ag\u00e8ncia de Promoci\u00f3 del Valenci\u00e0 de l&#8217;ajuntament, AVIVA Montserrat, i la Diputaci\u00f3 de Val\u00e8ncia, s&#8217;han lliurat els premis a l&#8217;\u00das del Valenci\u00e0 als comer\u00e7os locals del municipi.<\/p>\n\n\n\n<p><br>Aquests premis reconeixen l&#8217;\u00fas de la nostra llengua en els establiments per tal de fer el valenci\u00e0 la llengua natural de comunicaci\u00f3 entre el ve\u00efnat.<\/p>\n\n\n\n<figure class=\"wp-block-image size-full\"><img fetchpriority=\"high\" decoding=\"async\" width=\"797\" height=\"719\" src=\"https:\/\/saloncampos.es\/wp-content\/uploads\/2021\/11\/premio2.jpg\" alt=\"\" class=\"wp-image-989\" srcset=\"https:\/\/saloncampos.es\/wp-content\/uploads\/2021\/11\/premio2.jpg 797w, https:\/\/saloncampos.es\/wp-content\/uploads\/2021\/11\/premio2-300x271.jpg 300w, https:\/\/saloncampos.es\/wp-content\/uploads\/2021\/11\/premio2-768x693.jpg 768w, https:\/\/saloncampos.es\/wp-content\/uploads\/2021\/11\/premio2-706x637.jpg 706w\" sizes=\"(max-width: 797px) 100vw, 797px\" \/><\/figure>\n\n\n\n<p><br>En aquest aspecte, Sal\u00f3n Campos ha rebut el 1r Premi d&#8217;aquesta edici\u00f3 2021, dins de la categoria \u00abXarxes socials, noves tecnologies i programari\u00bb, gr\u00e0cies al treball realitzat als perfils de Facebook i Instagram, Telegram i a la p\u00e0gina web.<\/p>\n\n\n\n<p><br>Les germanes Inma i Azucena Campos, que van rebre el premi el passat 28 d&#8217;octubre de m\u00e0 de l&#8217;alcalde Josep Mar\u00eda Mas, volen donar les gr\u00e0cies per aquest reconeixement atorgat.<\/p>\n","protected":false},"excerpt":{"rendered":"<p>A trav\u00e9s de l&#8217;Ag\u00e8ncia de Promoci\u00f3 del Valenci\u00e0 de l&#8217;ajuntament, AVIVA Montserrat, i la Diputaci\u00f3 de Val\u00e8ncia, s&#8217;han lliurat els premis a l&#8217;\u00das del Valenci\u00e0 als comer\u00e7os locals del municipi. Aquests premis reconeixen l&#8217;\u00fas de la nostra llengua en els establiments per tal de fer el valenci\u00e0 la llengua natural de comunicaci\u00f3 entre el ve\u00efnat. [&hellip;]<\/p>\n","protected":false},"author":1,"featured_media":990,"comment_status":"open","ping_status":"closed","sticky":false,"template":"","format":"standard","meta":{"footnotes":""},"categories":[9],"tags":[],"class_list":["post-988","post","type-post","status-publish","format-standard","has-post-thumbnail","hentry","category-entrades"],"_links":{"self":[{"href":"https:\/\/saloncampos.es\/es\/wp-json\/wp\/v2\/posts\/988","targetHints":{"allow":["GET"]}}],"collection":[{"href":"https:\/\/saloncampos.es\/es\/wp-json\/wp\/v2\/posts"}],"about":[{"href":"https:\/\/saloncampos.es\/es\/wp-json\/wp\/v2\/types\/post"}],"author":[{"embeddable":true,"href":"https:\/\/saloncampos.es\/es\/wp-json\/wp\/v2\/users\/1"}],"replies":[{"embeddable":true,"href":"https:\/\/saloncampos.es\/es\/wp-json\/wp\/v2\/comments?post=988"}],"version-history":[{"count":0,"href":"https:\/\/saloncampos.es\/es\/wp-json\/wp\/v2\/posts\/988\/revisions"}],"wp:featuredmedia":[{"embeddable":true,"href":"https:\/\/saloncampos.es\/es\/wp-json\/wp\/v2\/media\/990"}],"wp:attachment":[{"href":"https:\/\/saloncampos.es\/es\/wp-json\/wp\/v2\/media?parent=988"}],"wp:term":[{"taxonomy":"category","embeddable":true,"href":"https:\/\/saloncampos.es\/es\/wp-json\/wp\/v2\/categories?post=988"},{"taxonomy":"post_tag","embeddable":true,"href":"https:\/\/saloncampos.es\/es\/wp-json\/wp\/v2\/tags?post=988"}],"curies":[{"name":"wp","href":"https:\/\/api.w.org\/{rel}","templated":true}]}}